{"id":5598,"date":"2016-08-15T12:30:00","date_gmt":"2016-08-15T10:30:00","guid":{"rendered":"https:\/\/katecheza.diecezja.elblag.pl\/?p=5598"},"modified":"2024-08-19T09:47:49","modified_gmt":"2024-08-19T07:47:49","slug":"dekret-biskupa-dotyczacy-programow-i-podrecznikow-2","status":"publish","type":"post","link":"https:\/\/katecheza.diecezja.elblag.pl\/index.php\/2016\/08\/15\/dekret-biskupa-dotyczacy-programow-i-podrecznikow-2\/","title":{"rendered":"Dekret Biskupa dotycz\u0105cy program\u00f3w i podr\u0119cznik\u00f3w"},"content":{"rendered":"\n<p>Przypominam, \u017ce we wszystkich diecezjach Polski, a wi\u0119c tak\u017ce w Diecezji Elbl\u0105skiej obowi\u0105zuje&nbsp;<em>Program Nauczania Religii<\/em>, kt\u00f3rego autorem jest Komisja Wychowania Katolickiego Konferencji Episkopatu Polski (09.06.2010).&nbsp;<em>Nowa Podstawa Programowa Katechezy Ko\u015bcio\u0142a Katolickiego w Polsce<\/em>&nbsp;zosta\u0142a zatwierdzona w 2010 roku (08.03.2010).&nbsp;<\/p>\n\n\n\n<p>Od 1 wrze\u015bnia 2011 roku w szko\u0142ach nale\u017ca\u0142o stopniowo wprowadza\u0107 nowe podr\u0119czniki. W kolejnych latach nale\u017ca\u0142o wymienia\u0107 cyklicznie podr\u0119czniki do nauczania religii. Wprowadzanie nowych podr\u0119cznik\u00f3w w oparciu o&nbsp;<em>Now\u0105 Podstaw\u0119 Programow\u0105 Katechezy Ko\u015bcio\u0142a Katolickiego w Polsce<\/em>&nbsp;na wszystkich etapach edukacyjnych powinno si\u0119 zako\u0144czy\u0107 w roku szkolnym 2015\/2016.<\/p>\n\n\n\n<p>Na terenie Diecezji Elbl\u0105skiej obowi\u0105zuj\u0105 podr\u0119czniki wydane przez Wydawnictwo&nbsp;<strong>WAM<\/strong>&nbsp;w Krakowie, oraz podr\u0119czniki wydawnictwa&nbsp;<strong>\u015awi\u0119ty Wojciech<\/strong>&nbsp;w Poznaniu.&nbsp;Od 1 wrze\u015bnia 2015 r. zezwalam dodatkowo&nbsp;na korzystanie z podr\u0119cznik\u00f3w Wydawnictwa&nbsp;<strong>Jedno\u015b\u0107<\/strong>&nbsp;z Kielc i podr\u0119cznik\u00f3w Wydawnictwa&nbsp;<strong>\u015bw. Stanis\u0142awa BM<\/strong>&nbsp;z Krakowa [kan.386 par. 1 KPK; kan. 775 par. 1 KPK].<\/p>\n\n\n\n<p><strong>Zobowi\u0105zuj\u0119 katechet\u00f3w, aby zgodnie z panuj\u0105cym prawem o\u015bwiatowym, na terenie jednej plac\u00f3wki o\u015bwiatowej korzystali z jednego zestawu podr\u0119cznik\u00f3w.<\/strong>&nbsp;W sytuacji wyj\u0105tkowej Dyrektor Wydzia\u0142u Nauki Katolickiej, Kurii Diecezjalnej Elbl\u0105skiej mo\u017ce zezwoli\u0107 na korzystanie z innych podr\u0119cznik\u00f3w, na terenie szko\u0142y, na podstawie pisemnej pro\u015bby katechety, uzasadniaj\u0105cej wyb\u00f3r i potwierdzonej przez proboszcza parafii.<\/p>\n\n\n\n<p>Szczeg\u00f3\u0142owy wykaz obowi\u0105zuj\u0105cych podr\u0119cznik\u00f3w wraz z numerami programu jest dost\u0119pny na stronie internetowej wydzia\u0142u Nauki Katolickiej Kurii Diecezjalnej Elbl\u0105skiej.<\/p>\n\n\n\n<p>Dekret wchodzi w \u017cycie z dniem 1 wrze\u015bnia 2015 roku.<\/p>\n\n\n\n<p>Elbl\u0105g, dnia 17. czerwca 2015 roku.<\/p>\n\n\n\n<p>\u2116 &nbsp;394 \/ 2015.<\/p>\n\n\n\n<p class=\"has-text-align-right\">Biskup Jacek Jezierski, Biskup Elbl\u0105ski.<\/p>\n\n\n\n<p class=\"has-text-align-right\">&nbsp;&nbsp;&nbsp;&nbsp;&nbsp;&nbsp;&nbsp;&nbsp;&nbsp;&nbsp;&nbsp; Ks. Zdzis\u0142aw Bieg, Kanclerz Kurii.<\/p>\n","protected":false},"excerpt":{"rendered":"<p>Przypominam, \u017ce we wszystkich diecezjach Polski, a wi\u0119c tak\u017ce w Diecezji Elbl\u0105skiej obowi\u0105zuje&nbsp;Program Nauczania Religii, kt\u00f3rego autorem jest Komisja Wychowania Katolickiego Konferencji Episkopatu Polski (09.06.2010).&nbsp;Nowa Podstawa Programowa Katechezy Ko\u015bcio\u0142a Katolickiego w Polsce&nbsp;zosta\u0142a zatwierdzona w 2010 roku (08.03.2010).&nbsp; Od 1 wrze\u015bnia 2011 roku w szko\u0142ach nale\u017ca\u0142o stopniowo wprowadza\u0107 nowe podr\u0119czniki. W kolejnych latach nale\u017ca\u0142o wymienia\u0107 cyklicznie&hellip;&nbsp;<a href=\"https:\/\/katecheza.diecezja.elblag.pl\/index.php\/2016\/08\/15\/dekret-biskupa-dotyczacy-programow-i-podrecznikow-2\/\" class=\"\" rel=\"bookmark\">Dowiedz si\u0119 wi\u0119cej &raquo;<span class=\"screen-reader-text\">Dekret Biskupa dotycz\u0105cy program\u00f3w i podr\u0119cznik\u00f3w<\/span><\/a><\/p>\n","protected":false},"author":1,"featured_media":0,"comment_status":"closed","ping_status":"open","sticky":false,"template":"","format":"standard","meta":{"neve_meta_sidebar":"","neve_meta_container":"","neve_meta_enable_content_width":"","neve_meta_content_width":0,"neve_meta_title_alignment":"","neve_meta_author_avatar":"","neve_post_elements_order":"","neve_meta_disable_header":"","neve_meta_disable_footer":"","neve_meta_disable_title":"","_themeisle_gutenberg_block_has_review":false,"_ti_tpc_template_sync":false,"_ti_tpc_template_id":"","footnotes":""},"categories":[160],"tags":[],"class_list":["post-5598","post","type-post","status-publish","format-standard","hentry","category-aktualnosci"],"_links":{"self":[{"href":"https:\/\/katecheza.diecezja.elblag.pl\/index.php\/wp-json\/wp\/v2\/posts\/5598","targetHints":{"allow":["GET"]}}],"collection":[{"href":"https:\/\/katecheza.diecezja.elblag.pl\/index.php\/wp-json\/wp\/v2\/posts"}],"about":[{"href":"https:\/\/katecheza.diecezja.elblag.pl\/index.php\/wp-json\/wp\/v2\/types\/post"}],"author":[{"embeddable":true,"href":"https:\/\/katecheza.diecezja.elblag.pl\/index.php\/wp-json\/wp\/v2\/users\/1"}],"replies":[{"embeddable":true,"href":"https:\/\/katecheza.diecezja.elblag.pl\/index.php\/wp-json\/wp\/v2\/comments?post=5598"}],"version-history":[{"count":2,"href":"https:\/\/katecheza.diecezja.elblag.pl\/index.php\/wp-json\/wp\/v2\/posts\/5598\/revisions"}],"predecessor-version":[{"id":5600,"href":"https:\/\/katecheza.diecezja.elblag.pl\/index.php\/wp-json\/wp\/v2\/posts\/5598\/revisions\/5600"}],"wp:attachment":[{"href":"https:\/\/katecheza.diecezja.elblag.pl\/index.php\/wp-json\/wp\/v2\/media?parent=5598"}],"wp:term":[{"taxonomy":"category","embeddable":true,"href":"https:\/\/katecheza.diecezja.elblag.pl\/index.php\/wp-json\/wp\/v2\/categories?post=5598"},{"taxonomy":"post_tag","embeddable":true,"href":"https:\/\/katecheza.diecezja.elblag.pl\/index.php\/wp-json\/wp\/v2\/tags?post=5598"}],"curies":[{"name":"wp","href":"https:\/\/api.w.org\/{rel}","templated":true}]}}