{"id":5601,"date":"2016-06-02T00:32:00","date_gmt":"2016-06-01T22:32:00","guid":{"rendered":"https:\/\/katecheza.diecezja.elblag.pl\/?p=5601"},"modified":"2021-12-02T00:41:36","modified_gmt":"2021-12-01T23:41:36","slug":"porozumienie-w-sprawie-kwalifikacji-zawodowych-nauczycieli-religii","status":"publish","type":"post","link":"https:\/\/katecheza.diecezja.elblag.pl\/index.php\/2016\/06\/02\/porozumienie-w-sprawie-kwalifikacji-zawodowych-nauczycieli-religii\/","title":{"rendered":"Porozumienie w sprawie kwalifikacji zawodowych nauczycieli religii"},"content":{"rendered":"\n<p>W dniu 31 maja br. zosta\u0142o podpisane Porozumienie pomi\u0119dzy Konferencj\u0105 Episkopatu Polski oraz Ministrem Edukacji Narodowej w sprawie kwalifikacji wymaganych od nauczycieli religii. Dotychczas obowi\u0105zuj\u0105ce Porozumienie zosta\u0142o zawarte 6 wrze\u015bnia 2000 r. i wymaga\u0142o dostosowania do aktualnych regulacji prawa o\u015bwiatowego.<br>Poni\u017cej publikujemy tre\u015b\u0107 komunikatu i pe\u0142ny tekst Porozumienia:<\/p>\n\n\n\n<p class=\"has-text-align-center\"><strong>Komunikat<\/strong><\/p>\n\n\n\n<p>Minister edukacji Anna Zalewska wraz z biskupem Markiem Mendykiem, Przewodnicz\u0105cym Komisji Wychowania Katolickiego Konferencji Episkopatu Polski podpisali dzi\u015b porozumienie w sprawie kwalifikacji wymaganych od nauczycieli religii katolickiej.<\/p>\n\n\n\n<p>Porozumienie okre\u015bla kwalifikacje, jakie musi posiada\u0107 osoba kierowana do nauczania religii na poszczeg\u00f3lnych etapach edukacyjnych i typach szk\u00f3\u0142, nabyte na odpowiedniego rodzaju studiach teologicznych okre\u015blonych przez Ko\u015bci\u00f3\u0142 katolicki. W porozumieniu zawarty jest wym\u00f3g posiadania przez te osoby przygotowania pedagogicznego.<\/p>\n\n\n\n<p>W dokumencie doprecyzowano tak\u017ce, \u017ce skierowanie nauczyciela religii do danej szko\u0142y lub plac\u00f3wki jest mo\u017cliwe, o ile nauczyciel ma kwalifikacje do nauczania religii w danej szkole lub plac\u00f3wce. Ponadto uwzgl\u0119dniono przepis przej\u015bciowy dotycz\u0105cy nauczycieli religii katolickiej, kt\u00f3rzy w okresie trzech lat od wej\u015bcia w \u017cycie porozumienia musz\u0105 uzupe\u0142ni\u0107 wymagane przepisami kwalifikacje.<\/p>\n\n\n\n<p>Do tej pory kwalifikacje wymagane od nauczycieli religii rzymskokatolickiej okre\u015bla\u0142o porozumienie zawarte pomi\u0119dzy Konferencj\u0105 Episkopatu Polski oraz Ministrem Edukacji Narodowej z dnia 6 wrze\u015bnia 2000 r. w sprawie kwalifikacji wymaganych od nauczycieli religii (Dz. Urz. MEN Nr 4, poz. 20).<\/p>\n\n\n\n<p class=\"has-text-align-center\"><strong>Porozumienie<\/strong><br><strong>pomi\u0119dzy Konferencj\u0105 Episkopatu Polski<\/strong><br><strong>oraz Ministrem Edukacji Narodowej<\/strong><br><strong>z dnia 31 maja 2016 r.<\/strong><br><strong>w sprawie kwalifikacji zawodowych wymaganych od nauczycieli religii.<\/strong><\/p>\n\n\n\n<p>Zgodnie z art. 12 ust. 3 Konkordatu mi\u0119dzy Stolic\u0105 Apostolsk\u0105 i Rzecz\u0105pospolit\u0105 Polsk\u0105 z dnia 28 lipca 1993 r. (Dz. U. z 1998 r. Nr 51, poz. 318) oraz \u00a7 6 rozporz\u0105dzenia Ministra Edukacji Narodowej z dnia 14 kwietnia 1992 r. w sprawie warunk\u00f3w i sposobu organizowania nauki religii w publicznych przedszkolach i szko\u0142ach (Dz. U. Nr 36, poz. 155, z 1993 r. Nr 83, poz. 390, z 1999 r. Nr 67, poz. 753 oraz z 2014 r. poz. 478), w zwi\u0105zku z \u00a7 7 rozporz\u0105dzenia Ministra Edukacji Narodowej z dnia 12 marca 2009 r. w sprawie szczeg\u00f3\u0142owych kwalifikacji wymaganych od nauczycieli oraz okre\u015blenia szk\u00f3\u0142 i wypadk\u00f3w, w kt\u00f3rych mo\u017cna zatrudni\u0107 nauczycieli niemaj\u0105cych wy\u017cszego wykszta\u0142cenia lub uko\u0144czonego zak\u0142adu kszta\u0142cenia nauczycieli (Dz. U. z 2015 r. poz. 1264), Konferencja Episkopatu Polski i Minister Edukacji Narodowej ustalaj\u0105, co nast\u0119puje:<\/p>\n\n\n\n<p>\u00a71<\/p>\n\n\n\n<p>Ilekro\u0107 w porozumieniu jest mowa o:<br>1) kolegium teologicznym \u2013 nale\u017cy przez to rozumie\u0107 kolegium teologiczne prowadzone przez Ko\u015bci\u00f3\u0142 katolicki;<br>2) przygotowaniu pedagogicznym do nauczania religii \u2013 nale\u017cy przez to rozumie\u0107 nabycie wiedzy i umiej\u0119tno\u015bci z zakresu psychologii, pedagogiki, katechetyki i dydaktyki, nauczanych<br>w powi\u0105zaniu z teologi\u0105 w wymiarze nie mniejszym ni\u017c 270 godzin oraz odbycie pozytywnie ocenionych praktyk pedagogicznych w zakresie nauczania religii w wymiarze nie mniejszym ni\u017c 150 godzin; o posiadaniu przygotowania pedagogicznego do nauczania religii \u015bwiadczy dokument uko\u0144czenia wy\u017cszego seminarium duchownego albo dyplom (za\u015bwiadczenie) uczelni lub kolegium teologicznego albo \u015bwiadectwo uko\u0144czenia kursu katechetyczno-pedagogicznego prowadzonego przez kolegium teologiczne lub wy\u017csze seminarium duchowne;<br>3) teologiczno-katechetycznych studiach podyplomowych albo podyplomowych studiach katechezy przedszkolnej \u2013 nale\u017cy przez to rozumie\u0107 studia podyplomowe umo\u017cliwiaj\u0105ce nabycie wiedzy, umiej\u0119tno\u015bci i kompetencji z zakresu przedmiot\u00f3w teologicznych, prowadzone w wymiarze okre\u015blonym przez Konferencj\u0119 Episkopatu Polski.<\/p>\n\n\n\n<p>\u00a7 2<\/p>\n\n\n\n<p>Kwalifikacje do zajmowania stanowiska nauczyciela religii w liceach og\u00f3lnokszta\u0142c\u0105cych i technikach, z wyj\u0105tkiem specjalnych, posiada osoba, kt\u00f3ra:<br>1) uko\u0144czy\u0142a studia magisterskie na kierunku teologia w uczelni prowadzonej przez Ko\u015bci\u00f3\u0142 katolicki albo w katolickim wydziale teologicznym uczelni publicznej oraz posiada przygotowanie pedagogiczne do nauczania religii lub<br>2) jest ksi\u0119dzem, kt\u00f3ry uko\u0144czy\u0142 wy\u017csze diecezjalne lub zakonne seminarium duchowne<br>i legitymuje si\u0119 dyplomem lub za\u015bwiadczeniem uko\u0144czenia seminarium oraz posiada przygotowanie pedagogiczne do nauczania religii.&nbsp;<\/p>\n\n\n\n<p>\u00a73<\/p>\n\n\n\n<p>Kwalifikacje do zajmowania stanowiska nauczyciela religii w gimnazjach i zasadniczych szko\u0142ach zawodowych, z wyj\u0105tkiem specjalnych, posiada osoba, kt\u00f3ra:<br>1) ma kwalifikacje okre\u015blone w \u00a7 2 lub<br>2) uko\u0144czy\u0142a studia magisterskie na kierunku innym ni\u017c teologia, oraz posiada przygotowanie pedagogiczne do nauczania religii uzyskane w wyniku uko\u0144czenia teologiczno-katechetycznych studi\u00f3w podyplomowych lub<br>3) jest alumnem wy\u017cszego seminarium duchownego po uko\u0144czeniu pi\u0105tego roku studi\u00f3w.<\/p>\n\n\n\n<p>\u00a74<\/p>\n\n\n\n<p>Kwalifikacje do zajmowania stanowiska nauczyciela religii w szko\u0142ach podstawowych, z wyj\u0105t-kiem specjalnych, posiada osoba, kt\u00f3ra ma kwalifikacje okre\u015blone w \u00a7 2 lub 3 lub:<br>1) uko\u0144czy\u0142a studia pierwszego stopnia na kierunku teologia i uzyska\u0142a tytu\u0142 zawodowy licencjata w kolegium teologicznym albo w uczelni prowadzonej przez Ko\u015bci\u00f3\u0142 katolicki albo w katolickim wydziale teologicznym uczelni publicznej oraz posiada przygotowanie pedagogiczne do nauczania religii lub<br>2) posiada dyplom uko\u0144czenia kolegium teologicznego oraz posiada przygotowanie pedagogiczne do nauczania religii lub<br>4) jest alumnem wy\u017cszego seminarium duchownego po uko\u0144czeniu czwartego roku studi\u00f3w lub studentem wy\u017cszych studi\u00f3w teologicznych po uko\u0144czeniu czwartego roku studi\u00f3w.<\/p>\n\n\n\n<p>\u00a75<\/p>\n\n\n\n<p>Kwalifikacje do zajmowania stanowiska nauczyciela religii w przedszkolach, z wyj\u0105tkiem specjalnych, posiada osoba, kt\u00f3ra ma kwalifikacje okre\u015blone w \u00a7 2, 3, 4 lub:<br>1) posiada dyplom uko\u0144czenia studi\u00f3w wy\u017cszych w specjalno\u015bci pedagogika religijna lub katechetyka, uzyskany w uczelni prowadzonej przez Ko\u015bci\u00f3\u0142 katolicki albo w katolickim wydziale teologicznym uczelni publicznej oraz posiada przygotowanie pedagogiczne do nauczania religii lub<br>2) posiada dyplom uko\u0144czenia studi\u00f3w wy\u017cszych w zakresie wychowania przedszkolnego lub wczesnoszkolnego oraz \u015bwiadectwo uko\u0144czenia podyplomowych studi\u00f3w katechezy przedszkolnej uzyskane w uczelni prowadzonej przez Ko\u015bci\u00f3\u0142 katolicki albo w katolickim wydziale teologicznym uczelni publicznej.<\/p>\n\n\n\n<p>\u00a76<\/p>\n\n\n\n<p>Kwalifikacje do zajmowania stanowiska nauczyciela religii w przedszkolach i szko\u0142ach specjalnych posiada osoba spe\u0142niaj\u0105ca wymagania kwalifikacyjne dla danego typu szko\u0142y, okre\u015blone odpowiednio w \u00a7 2, 3, 4 lub 5 niniejszego porozumienia, kt\u00f3ra ponadto:<br>1) uko\u0144czy\u0142a studia wy\u017csze na kierunku pedagogika specjalna w zakresie odpowiednim do niepe\u0142nosprawno\u015bci uczni\u00f3w lub<br>2) uko\u0144czy\u0142a zak\u0142ad kszta\u0142cenia nauczycieli w specjalno\u015bci odpowiedniej do niepe\u0142nospraw-no\u015bci uczni\u00f3w lub<br>3) uko\u0144czy\u0142a studia podyplomowe lub kurs kwalifikacyjny z pedagogiki specjalnej w zakresie odpowiednim do niepe\u0142nosprawno\u015bci uczni\u00f3w.<\/p>\n\n\n\n<p>\u00a77<\/p>\n\n\n\n<p>Skierowanie nauczyciela religii do danej szko\u0142y lub plac\u00f3wki, jest mo\u017cliwe, o ile nauczyciel posiada kwalifikacje do nauczania religii w danej szkole lub plac\u00f3wce.<\/p>\n\n\n\n<p>\u00a78<\/p>\n\n\n\n<p>Nauczyciele religii zatrudnieni w dniu wej\u015bcia w \u017cycie niniejszego porozumienia, kt\u00f3rzy spe\u0142niali wymagania kwalifikacyjne na podstawie dotychczasowego porozumienia, zachowuj\u0105 kwalifikacje do nauczania religii do dnia 31 sierpnia 2019 r., z zastrze\u017ceniem \u00a7 9.<\/p>\n\n\n\n<p>\u00a7 9<\/p>\n\n\n\n<p>Nauczyciele religii zatrudnieni w dniu wej\u015bcia w \u017cycie niniejszego porozumienia, kt\u00f3rzy uzyskali stopie\u0144 nauczyciela mianowanego, zachowuj\u0105 nabyte kwalifikacje do nauczania religii.<\/p>\n\n\n\n<p>\u00a7 10<\/p>\n\n\n\n<p>Osoby, kt\u00f3re uzyska\u0142y przed dniem wej\u015bcia w \u017cycie niniejszego porozumienia przygotowanie katechetyczno-pedagogiczne w rozumieniu porozumienia, o kt\u00f3rym mowa w \u00a7 11, posiadaj\u0105 przygotowanie pedagogiczne do nauczania religii, o kt\u00f3rym mowa w \u00a7 1 pkt 2 niniejszego porozumienia.<\/p>\n\n\n\n<p>\u00a711<\/p>\n\n\n\n<p>Traci moc porozumienie pomi\u0119dzy Konferencj\u0105 Episkopatu Polski oraz Ministrem Edukacji Narodowej z dnia 6 wrze\u015bnia 2000 r. w sprawie kwalifikacji zawodowych wymaganych od nauczycieli religii (Dz. Urz. MEN Nr 4, poz. 20).<\/p>\n\n\n\n<p>\u00a712<\/p>\n\n\n\n<p>Porozumienie wchodzi w \u017cycie z dniem 1 wrze\u015bnia 2016 r.&nbsp; &nbsp; &nbsp; &nbsp; &nbsp; &nbsp; &nbsp; &nbsp; &nbsp; &nbsp; &nbsp; &nbsp; &nbsp; &nbsp; &nbsp; &nbsp; &nbsp; &nbsp; &nbsp; &nbsp; &nbsp; &nbsp; &nbsp; &nbsp; &nbsp; &nbsp; &nbsp; &nbsp; &nbsp; &nbsp; &nbsp; &nbsp;&nbsp;<\/p>\n\n\n\n<p class=\"has-text-align-right\">bp Marek Mendyk \u00a0 \u00a0 \u00a0 \u00a0 \u00a0 \u00a0 \u00a0 \u00a0 \u00a0 \u00a0 \u00a0 \u00a0 \u00a0 \u00a0 \u00a0 \u00a0 \u00a0 \u00a0 \u00a0 \u00a0 \u00a0 \u00a0 \u00a0 \u00a0 \u00a0 \u00a0 \u00a0 \u00a0 \u00a0 \u00a0 \u00a0 \u00a0 \u00a0 \u00a0 \u00a0 \u00a0 \u00a0 \u00a0 \u00a0 \u00a0 \u00a0\u00a0Anna Zalewska<br>Przewodnicz\u0105cy \u00a0 \u00a0 \u00a0 \u00a0 \u00a0 \u00a0 \u00a0 \u00a0 \u00a0 \u00a0 \u00a0 \u00a0 \u00a0 \u00a0 \u00a0 \u00a0 \u00a0 \u00a0 \u00a0 \u00a0\u00a0 \u00a0 \u00a0 \u00a0 \u00a0 \u00a0 \u00a0 \u00a0 \u00a0 \u00a0 \u00a0Minister Edukacji Narodowej<br>Komisji Wychowania Katolickiego<br>Konferencji Episkopatu Polski<\/p>\n","protected":false},"excerpt":{"rendered":"<p>W dniu 31 maja br. zosta\u0142o podpisane Porozumienie pomi\u0119dzy Konferencj\u0105 Episkopatu Polski oraz Ministrem Edukacji Narodowej w sprawie kwalifikacji wymaganych od nauczycieli religii. Dotychczas obowi\u0105zuj\u0105ce Porozumienie zosta\u0142o zawarte 6 wrze\u015bnia 2000 r. i wymaga\u0142o dostosowania do aktualnych regulacji prawa o\u015bwiatowego.Poni\u017cej publikujemy tre\u015b\u0107 komunikatu i pe\u0142ny tekst Porozumienia: Komunikat Minister edukacji Anna Zalewska wraz z biskupem&hellip;&nbsp;<a href=\"https:\/\/katecheza.diecezja.elblag.pl\/index.php\/2016\/06\/02\/porozumienie-w-sprawie-kwalifikacji-zawodowych-nauczycieli-religii\/\" class=\"\" rel=\"bookmark\">Dowiedz si\u0119 wi\u0119cej &raquo;<span class=\"screen-reader-text\">Porozumienie w sprawie kwalifikacji zawodowych nauczycieli religii<\/span><\/a><\/p>\n","protected":false},"author":1,"featured_media":0,"comment_status":"closed","ping_status":"open","sticky":false,"template":"","format":"standard","meta":{"neve_meta_sidebar":"","neve_meta_container":"","neve_meta_enable_content_width":"","neve_meta_content_width":0,"neve_meta_title_alignment":"","neve_meta_author_avatar":"","neve_post_elements_order":"","neve_meta_disable_header":"","neve_meta_disable_footer":"","neve_meta_disable_title":"","_themeisle_gutenberg_block_has_review":false,"_ti_tpc_template_sync":false,"_ti_tpc_template_id":"","footnotes":""},"categories":[160],"tags":[],"class_list":["post-5601","post","type-post","status-publish","format-standard","hentry","category-aktualnosci"],"_links":{"self":[{"href":"https:\/\/katecheza.diecezja.elblag.pl\/index.php\/wp-json\/wp\/v2\/posts\/5601","targetHints":{"allow":["GET"]}}],"collection":[{"href":"https:\/\/katecheza.diecezja.elblag.pl\/index.php\/wp-json\/wp\/v2\/posts"}],"about":[{"href":"https:\/\/katecheza.diecezja.elblag.pl\/index.php\/wp-json\/wp\/v2\/types\/post"}],"author":[{"embeddable":true,"href":"https:\/\/katecheza.diecezja.elblag.pl\/index.php\/wp-json\/wp\/v2\/users\/1"}],"replies":[{"embeddable":true,"href":"https:\/\/katecheza.diecezja.elblag.pl\/index.php\/wp-json\/wp\/v2\/comments?post=5601"}],"version-history":[{"count":4,"href":"https:\/\/katecheza.diecezja.elblag.pl\/index.php\/wp-json\/wp\/v2\/posts\/5601\/revisions"}],"predecessor-version":[{"id":5607,"href":"https:\/\/katecheza.diecezja.elblag.pl\/index.php\/wp-json\/wp\/v2\/posts\/5601\/revisions\/5607"}],"wp:attachment":[{"href":"https:\/\/katecheza.diecezja.elblag.pl\/index.php\/wp-json\/wp\/v2\/media?parent=5601"}],"wp:term":[{"taxonomy":"category","embeddable":true,"href":"https:\/\/katecheza.diecezja.elblag.pl\/index.php\/wp-json\/wp\/v2\/categories?post=5601"},{"taxonomy":"post_tag","embeddable":true,"href":"https:\/\/katecheza.diecezja.elblag.pl\/index.php\/wp-json\/wp\/v2\/tags?post=5601"}],"curies":[{"name":"wp","href":"https:\/\/api.w.org\/{rel}","templated":true}]}}