{"id":6007,"date":"2026-04-08T12:44:15","date_gmt":"2026-04-08T10:44:15","guid":{"rendered":"https:\/\/katecheza.diecezja.elblag.pl\/?p=6007"},"modified":"2026-04-08T12:44:16","modified_gmt":"2026-04-08T10:44:16","slug":"rekolekcje-katechetyczne","status":"publish","type":"post","link":"https:\/\/katecheza.diecezja.elblag.pl\/index.php\/2026\/04\/08\/rekolekcje-katechetyczne\/","title":{"rendered":"Rekolekcje Katechetyczne"},"content":{"rendered":"\n<p class=\"has-neve-link-hover-color-color has-text-color has-link-color wp-elements-2afe6db43d2f479939f61182e0c3d341\"><\/p>\n\n\n\n<p><strong>Krynica Morska<\/strong> 8 -9 maja 2026 r &#8211; 38 miejsc<\/p>\n\n\n\n<p><strong>Osada Jeziorna<\/strong> <\/p>\n\n\n\n<p>Koszt rekolekcji &#8211; 450 z\u0142<\/p>\n\n\n\n<p><\/p>\n\n\n\n<p>Zapisy w Wydziale Katechetycznym po uiszczeniu <strong>przedp\u0142aty 100 z\u0142<\/strong>.<\/p>\n\n\n\n<p>lub na konto: 31 1020 1752 0000 0802 0069 5957 <strong>z dopiskiem: rekolekcje katechetyczne.<\/strong><\/p>\n\n\n\n<p>Po wp\u0142acie na konto prosz\u0119 o informacj\u0119 do Wydzia\u0142u (telefonicznie, lub sms-em na nr 728 844 364 lub mailem: katechetycznyel@gmail.com). <\/p>\n\n\n\n<p><\/p>\n","protected":false},"excerpt":{"rendered":"<p>Krynica Morska 8 -9 maja 2026 r &#8211; 38 miejsc Osada Jeziorna Koszt rekolekcji &#8211; 450 z\u0142 Zapisy w Wydziale Katechetycznym po uiszczeniu przedp\u0142aty 100 z\u0142. lub na konto: 31 1020 1752 0000 0802 0069 5957 z dopiskiem: rekolekcje katechetyczne. Po wp\u0142acie na konto prosz\u0119 o informacj\u0119 do Wydzia\u0142u (telefonicznie, lub sms-em na nr 728&hellip;&nbsp;<a href=\"https:\/\/katecheza.diecezja.elblag.pl\/index.php\/2026\/04\/08\/rekolekcje-katechetyczne\/\" class=\"\" rel=\"bookmark\">Dowiedz si\u0119 wi\u0119cej &raquo;<span class=\"screen-reader-text\">Rekolekcje Katechetyczne<\/span><\/a><\/p>\n","protected":false},"author":1,"featured_media":0,"comment_status":"closed","ping_status":"open","sticky":false,"template":"","format":"standard","meta":{"neve_meta_sidebar":"","neve_meta_container":"","neve_meta_enable_content_width":"","neve_meta_content_width":0,"neve_meta_title_alignment":"","neve_meta_author_avatar":"","neve_post_elements_order":"","neve_meta_disable_header":"","neve_meta_disable_footer":"","neve_meta_disable_title":"","_themeisle_gutenberg_block_has_review":false,"_ti_tpc_template_sync":false,"_ti_tpc_template_id":"","footnotes":""},"categories":[160,180],"tags":[],"class_list":["post-6007","post","type-post","status-publish","format-standard","hentry","category-aktualnosci","category-formacja"],"_links":{"self":[{"href":"https:\/\/katecheza.diecezja.elblag.pl\/index.php\/wp-json\/wp\/v2\/posts\/6007","targetHints":{"allow":["GET"]}}],"collection":[{"href":"https:\/\/katecheza.diecezja.elblag.pl\/index.php\/wp-json\/wp\/v2\/posts"}],"about":[{"href":"https:\/\/katecheza.diecezja.elblag.pl\/index.php\/wp-json\/wp\/v2\/types\/post"}],"author":[{"embeddable":true,"href":"https:\/\/katecheza.diecezja.elblag.pl\/index.php\/wp-json\/wp\/v2\/users\/1"}],"replies":[{"embeddable":true,"href":"https:\/\/katecheza.diecezja.elblag.pl\/index.php\/wp-json\/wp\/v2\/comments?post=6007"}],"version-history":[{"count":9,"href":"https:\/\/katecheza.diecezja.elblag.pl\/index.php\/wp-json\/wp\/v2\/posts\/6007\/revisions"}],"predecessor-version":[{"id":6165,"href":"https:\/\/katecheza.diecezja.elblag.pl\/index.php\/wp-json\/wp\/v2\/posts\/6007\/revisions\/6165"}],"wp:attachment":[{"href":"https:\/\/katecheza.diecezja.elblag.pl\/index.php\/wp-json\/wp\/v2\/media?parent=6007"}],"wp:term":[{"taxonomy":"category","embeddable":true,"href":"https:\/\/katecheza.diecezja.elblag.pl\/index.php\/wp-json\/wp\/v2\/categories?post=6007"},{"taxonomy":"post_tag","embeddable":true,"href":"https:\/\/katecheza.diecezja.elblag.pl\/index.php\/wp-json\/wp\/v2\/tags?post=6007"}],"curies":[{"name":"wp","href":"https:\/\/api.w.org\/{rel}","templated":true}]}}