{"id":6159,"date":"2026-02-25T09:54:14","date_gmt":"2026-02-25T08:54:14","guid":{"rendered":"https:\/\/katecheza.diecezja.elblag.pl\/?p=6159"},"modified":"2026-02-25T09:54:15","modified_gmt":"2026-02-25T08:54:15","slug":"wielkopostny-dzien-skupienia","status":"publish","type":"post","link":"https:\/\/katecheza.diecezja.elblag.pl\/index.php\/2026\/02\/25\/wielkopostny-dzien-skupienia\/","title":{"rendered":"Wielkopostny Dzie\u0144 skupienia"},"content":{"rendered":"\n<p class=\"has-text-align-center\"><strong>Wielkopostny&nbsp;Dzie\u0144 Skupienia katechet\u00f3w&nbsp;dekanatu Sztum &#8211; Dzierzgo\u0144&nbsp;<\/strong><\/p>\n\n\n\n<p>Parafia p.w. Podwy\u017cszenia Krzy\u017ca \u015bw. <strong>w Sztumskiej Wsi<\/strong>.\u00a0&#8212; <strong>8 marca 2026 roku godz. 9.45<\/strong><\/p>\n\n\n\n<p><\/p>\n\n\n\n<p>Magda Wiechowska<\/p>\n\n\n\n<p><\/p>\n","protected":false},"excerpt":{"rendered":"<p>Wielkopostny&nbsp;Dzie\u0144 Skupienia katechet\u00f3w&nbsp;dekanatu Sztum &#8211; Dzierzgo\u0144&nbsp; Parafia p.w. Podwy\u017cszenia Krzy\u017ca \u015bw. w Sztumskiej Wsi.\u00a0&#8212; 8 marca 2026 roku godz. 9.45 Magda Wiechowska<\/p>\n","protected":false},"author":1,"featured_media":0,"comment_status":"closed","ping_status":"open","sticky":false,"template":"","format":"standard","meta":{"neve_meta_sidebar":"","neve_meta_container":"","neve_meta_enable_content_width":"","neve_meta_content_width":0,"neve_meta_title_alignment":"","neve_meta_author_avatar":"","neve_post_elements_order":"","neve_meta_disable_header":"","neve_meta_disable_footer":"","neve_meta_disable_title":"","_themeisle_gutenberg_block_has_review":false,"_ti_tpc_template_sync":false,"_ti_tpc_template_id":"","footnotes":""},"categories":[160,180],"tags":[],"class_list":["post-6159","post","type-post","status-publish","format-standard","hentry","category-aktualnosci","category-formacja"],"_links":{"self":[{"href":"https:\/\/katecheza.diecezja.elblag.pl\/index.php\/wp-json\/wp\/v2\/posts\/6159","targetHints":{"allow":["GET"]}}],"collection":[{"href":"https:\/\/katecheza.diecezja.elblag.pl\/index.php\/wp-json\/wp\/v2\/posts"}],"about":[{"href":"https:\/\/katecheza.diecezja.elblag.pl\/index.php\/wp-json\/wp\/v2\/types\/post"}],"author":[{"embeddable":true,"href":"https:\/\/katecheza.diecezja.elblag.pl\/index.php\/wp-json\/wp\/v2\/users\/1"}],"replies":[{"embeddable":true,"href":"https:\/\/katecheza.diecezja.elblag.pl\/index.php\/wp-json\/wp\/v2\/comments?post=6159"}],"version-history":[{"count":1,"href":"https:\/\/katecheza.diecezja.elblag.pl\/index.php\/wp-json\/wp\/v2\/posts\/6159\/revisions"}],"predecessor-version":[{"id":6160,"href":"https:\/\/katecheza.diecezja.elblag.pl\/index.php\/wp-json\/wp\/v2\/posts\/6159\/revisions\/6160"}],"wp:attachment":[{"href":"https:\/\/katecheza.diecezja.elblag.pl\/index.php\/wp-json\/wp\/v2\/media?parent=6159"}],"wp:term":[{"taxonomy":"category","embeddable":true,"href":"https:\/\/katecheza.diecezja.elblag.pl\/index.php\/wp-json\/wp\/v2\/categories?post=6159"},{"taxonomy":"post_tag","embeddable":true,"href":"https:\/\/katecheza.diecezja.elblag.pl\/index.php\/wp-json\/wp\/v2\/tags?post=6159"}],"curies":[{"name":"wp","href":"https:\/\/api.w.org\/{rel}","templated":true}]}}