{"id":6168,"date":"2026-04-09T09:14:30","date_gmt":"2026-04-09T07:14:30","guid":{"rendered":"https:\/\/katecheza.diecezja.elblag.pl\/?p=6168"},"modified":"2026-04-10T09:15:20","modified_gmt":"2026-04-10T07:15:20","slug":"ogolnopolski-konkurs-plastyczny","status":"publish","type":"post","link":"https:\/\/katecheza.diecezja.elblag.pl\/index.php\/2026\/04\/09\/ogolnopolski-konkurs-plastyczny\/","title":{"rendered":"Og\u00f3lnopolski Konkurs Plastyczny"},"content":{"rendered":"\n<p>Trwa kolejna edycja konkursu, w\u00a0kt\u00f3rym przedszkolaki i\u00a0uczniowie z\u00a0klas I\u2013III szko\u0142y podstawowej tw\u00f3rczo interpretuj\u0105 konkursowe has\u0142o: \u201eNa pocz\u0105tku by\u0142a mi\u0142o\u015b\u0107 \u2013 moja rodzina\u201d.<\/p>\n\n\n\n<p>Szczeg\u00f3\u0142owe informacje na stronie: <a href=\"https:\/\/pro-life.pl\/viii-ogolnopolski-konkurs-plastyczny-dla-dzieci-na-poczatku-byla-milosc-moja-rodzina\/\">https:\/\/pro-life.pl\/viii-ogolnopolski-konkurs-plastyczny-dla-dzieci-na-poczatku-byla-milosc-moja-rodzina\/<\/a><\/p>\n\n\n\n<p><\/p>\n","protected":false},"excerpt":{"rendered":"<p>Trwa kolejna edycja konkursu, w\u00a0kt\u00f3rym przedszkolaki i\u00a0uczniowie z\u00a0klas I\u2013III szko\u0142y podstawowej tw\u00f3rczo interpretuj\u0105 konkursowe has\u0142o: \u201eNa pocz\u0105tku by\u0142a mi\u0142o\u015b\u0107 \u2013 moja rodzina\u201d. Szczeg\u00f3\u0142owe informacje na stronie: https:\/\/pro-life.pl\/viii-ogolnopolski-konkurs-plastyczny-dla-dzieci-na-poczatku-byla-milosc-moja-rodzina\/<\/p>\n","protected":false},"author":1,"featured_media":0,"comment_status":"closed","ping_status":"open","sticky":false,"template":"","format":"standard","meta":{"neve_meta_sidebar":"","neve_meta_container":"","neve_meta_enable_content_width":"","neve_meta_content_width":0,"neve_meta_title_alignment":"","neve_meta_author_avatar":"","neve_post_elements_order":"","neve_meta_disable_header":"","neve_meta_disable_footer":"","neve_meta_disable_title":"","_themeisle_gutenberg_block_has_review":false,"_ti_tpc_template_sync":false,"_ti_tpc_template_id":"","footnotes":""},"categories":[160,159],"tags":[],"class_list":["post-6168","post","type-post","status-publish","format-standard","hentry","category-aktualnosci","category-konkursy-i-olimpiady"],"_links":{"self":[{"href":"https:\/\/katecheza.diecezja.elblag.pl\/index.php\/wp-json\/wp\/v2\/posts\/6168","targetHints":{"allow":["GET"]}}],"collection":[{"href":"https:\/\/katecheza.diecezja.elblag.pl\/index.php\/wp-json\/wp\/v2\/posts"}],"about":[{"href":"https:\/\/katecheza.diecezja.elblag.pl\/index.php\/wp-json\/wp\/v2\/types\/post"}],"author":[{"embeddable":true,"href":"https:\/\/katecheza.diecezja.elblag.pl\/index.php\/wp-json\/wp\/v2\/users\/1"}],"replies":[{"embeddable":true,"href":"https:\/\/katecheza.diecezja.elblag.pl\/index.php\/wp-json\/wp\/v2\/comments?post=6168"}],"version-history":[{"count":1,"href":"https:\/\/katecheza.diecezja.elblag.pl\/index.php\/wp-json\/wp\/v2\/posts\/6168\/revisions"}],"predecessor-version":[{"id":6169,"href":"https:\/\/katecheza.diecezja.elblag.pl\/index.php\/wp-json\/wp\/v2\/posts\/6168\/revisions\/6169"}],"wp:attachment":[{"href":"https:\/\/katecheza.diecezja.elblag.pl\/index.php\/wp-json\/wp\/v2\/media?parent=6168"}],"wp:term":[{"taxonomy":"category","embeddable":true,"href":"https:\/\/katecheza.diecezja.elblag.pl\/index.php\/wp-json\/wp\/v2\/categories?post=6168"},{"taxonomy":"post_tag","embeddable":true,"href":"https:\/\/katecheza.diecezja.elblag.pl\/index.php\/wp-json\/wp\/v2\/tags?post=6168"}],"curies":[{"name":"wp","href":"https:\/\/api.w.org\/{rel}","templated":true}]}}